{"id":191,"date":"2017-06-20T22:07:51","date_gmt":"2017-06-20T22:07:51","guid":{"rendered":"http:\/\/hal2017.zhp.ie\/?p=191"},"modified":"2017-07-12T16:39:13","modified_gmt":"2017-07-12T16:39:13","slug":"zuchy-9lipca","status":"publish","type":"post","link":"https:\/\/hal2017.zhp.ie\/?p=191","title":{"rendered":"Zuchy &#8211; niedziela, 9 lipca"},"content":{"rendered":"<p><strong>Juhasem zosta\u0107 chc\u0119!<\/strong><\/p>\n<p><em><strong>\u201eBeskidki\u201d, \u201eBieszczackie Anio\u0142ki\u201d, \u201eG\u00f3ry \u015awi\u0119tokrzystie\u201d, \u201eTary\u201d, \u201eKarkonosze\u201d oraz \u201eStra\u017cnicy Pienin\u201d &nbsp;oto nazwy zuchowych sz\u00f3stek. <\/strong><\/em><\/p>\n<p>Pierwszego dnia kolonii wymy\u015blali\u015bmy nazwy i okrzyki dla swoich sz\u00f3stek. Przede wszystkim skupili\u015bmy si\u0119 na poznawaniu kultury i tradycji polskich g\u00f3rali regionu podhala\u0144skiego. Przenie\u015bli\u015bmy si\u0119 w Tatry, najwy\u017csze g\u00f3ry w Polsce. W temat wprowadzi\u0142 nas nasz go\u015b\u0107 o g\u00f3ralskich korzeniach \u2013 druhna Paulina, kt\u00f3ra zaprezentowa\u0142a stroje ludowe oraz opowiedzia\u0142a o regionalnych tradycjach z nimi zwi\u0105zanymi. Nadszed\u0142 te\u017c czas, aby zuchy przygotowa\u0142y dla siebie pi\u0119kne g\u00f3ralskie stroje ludowe, kt\u00f3re przyodzia\u0142y na wieczorne spotkanie z bac\u0105 J\u0119drkiem. W Bac\u00f3wce rozbrzmiewa\u0142 dono\u015bny \u015bpiew dzieci \u201eHej w g\u00f3ry!\u201d, kt\u00f3ry towarzyszy\u0142 tw\u00f3rczej pracy zdobienia g\u00f3ralskich kapeluszy, koszul oraz sp\u00f3dnic. Na zuchowy kominek wszyscy przybyli pi\u0119knie wystrojeni w g\u00f3ralskie szaty i gotowi na z\u0142o\u017cenie obietnicy juhasa. W czasie jego trwania dzieci odegra\u0142y scenki prezentuj\u0105ce legendy polskich g\u00f3r, kt\u00f3re wcze\u015bniej by\u0142y przygotowane przez ka\u017cd\u0105 z sz\u00f3stek. \u015amiechowi oraz zabawom nie by\u0142o ko\u0144ca.<\/p>\nngg_shortcode_0_placeholder\n","protected":false},"excerpt":{"rendered":"<p>Juhasem zosta\u0107 chc\u0119! \u201eBeskidki\u201d, \u201eBieszczackie Anio\u0142ki\u201d, \u201eG\u00f3ry \u015awi\u0119tokrzystie\u201d, \u201eTary\u201d, \u201eKarkonosze\u201d oraz \u201eStra\u017cnicy Pienin\u201d &nbsp;oto nazwy zuchowych sz\u00f3stek. Pierwszego dnia kolonii wymy\u015blali\u015bmy nazwy i okrzyki dla swoich sz\u00f3stek. Przede wszystkim skupili\u015bmy si\u0119 na poznawaniu kultury i tradycji polskich g\u00f3rali regionu podhala\u0144skiego. Przenie\u015bli\u015bmy si\u0119 w Tatry, najwy\u017csze g\u00f3ry w Polsce. W temat wprowadzi\u0142 nas nasz go\u015b\u0107 o&hellip; <\/p>\n","protected":false},"author":2,"featured_media":0,"comment_status":"closed","ping_status":"closed","sticky":false,"template":"","format":"gallery","meta":{"ngg_post_thumbnail":0,"footnotes":""},"categories":[1],"tags":[],"class_list":["post-191","post","type-post","status-publish","format-gallery","hentry","category-uncategorized","post_format-post-format-gallery"],"_links":{"self":[{"href":"https:\/\/hal2017.zhp.ie\/index.php?rest_route=\/wp\/v2\/posts\/191","targetHints":{"allow":["GET"]}}],"collection":[{"href":"https:\/\/hal2017.zhp.ie\/index.php?rest_route=\/wp\/v2\/posts"}],"about":[{"href":"https:\/\/hal2017.zhp.ie\/index.php?rest_route=\/wp\/v2\/types\/post"}],"author":[{"embeddable":true,"href":"https:\/\/hal2017.zhp.ie\/index.php?rest_route=\/wp\/v2\/users\/2"}],"replies":[{"embeddable":true,"href":"https:\/\/hal2017.zhp.ie\/index.php?rest_route=%2Fwp%2Fv2%2Fcomments&post=191"}],"version-history":[{"count":6,"href":"https:\/\/hal2017.zhp.ie\/index.php?rest_route=\/wp\/v2\/posts\/191\/revisions"}],"predecessor-version":[{"id":791,"href":"https:\/\/hal2017.zhp.ie\/index.php?rest_route=\/wp\/v2\/posts\/191\/revisions\/791"}],"wp:attachment":[{"href":"https:\/\/hal2017.zhp.ie\/index.php?rest_route=%2Fwp%2Fv2%2Fmedia&parent=191"}],"wp:term":[{"taxonomy":"category","embeddable":true,"href":"https:\/\/hal2017.zhp.ie\/index.php?rest_route=%2Fwp%2Fv2%2Fcategories&post=191"},{"taxonomy":"post_tag","embeddable":true,"href":"https:\/\/hal2017.zhp.ie\/index.php?rest_route=%2Fwp%2Fv2%2Ftags&post=191"}],"curies":[{"name":"wp","href":"https:\/\/api.w.org\/{rel}","templated":true}]}}